{"id":724,"date":"2024-12-03T12:23:37","date_gmt":"2024-12-03T12:23:37","guid":{"rendered":"https:\/\/immortals-documentary.com\/?p=724"},"modified":"2024-11-19T10:24:52","modified_gmt":"2024-11-19T10:24:52","slug":"thessaloniki-international-documentary-festival","status":"publish","type":"post","link":"https:\/\/immortals-documentary.com\/de\/thessaloniki-international-documentary-festival\/","title":{"rendered":"Thessaloniki International Documentary Festival"},"content":{"rendered":"<p><span style=\"font-weight: 400;\">Einen Tag nach der Weltpremiere durfte ich auch schon zur n\u00e4chsten Film-Premiere weiterreisen, und zwar in die Sonne von Thessaloniki. Dort erwartete mich ein m\u00fcrrischer Fahrer am Flughafen und hat sich einen Spass daraus gemacht, mich in meiner Position als privilegierte und vom Staat gef\u00f6rderte Filmemacherin zu \u00e4rgern. Also sprachen wir \u00fcber die griechische Staatskrise, die Inflation und die Austerit\u00e4tspolitik. Dann hat er mich in einem 5-Sterne-Hotel abgesetzt, das mir vom Festival angeboten wurde. Ich konnte seinen Frust schon verstehen.\u00a0<\/span><\/p>\n<p><span style=\"font-weight: 400;\">Das Festivalgel\u00e4nde in Thessaloniki liegt auf einem Pier, der mitten ins Meer hinausragt. Einen sch\u00f6neren Ort f\u00fcr Dokumentarfilme kann ich mir fast nicht vorstellen. Ich habe die mediterrane Luft eingeatmet, als w\u00e4re ich im Urlaub und wurde sehr warm vom Festival-Komitee empfangen. Es kam mir vor, als w\u00fcrden mich alle schon kennen. IMMORTALS \u2013 Ah!\u00a0<\/span><\/p>\n<p><span style=\"font-weight: 400;\">Auch in Thessaloniki war der Kinosaal prallvoll. Es scheint eine gro\u00dfe Aufmerksamkeit f\u00fcr die Jugend im Irak und ihre K\u00e4mpfe zu geben. Ich war nicht mehr so nerv\u00f6s wie vor der Weltpremiere. Obwohl ich den Film alleine repr\u00e4sentierte, wurden wir als Kollektiv von europ\u00e4ischen und irakischen Filmemacher:innen wahrgenommen, was mich unglaublich freute.\u00a0<\/span><\/p>\n<p><span style=\"font-weight: 400;\">Das griechische Publikum stellte vor allem politische Fragen. Fragen zur \u00abOktober Revolution\u00bb, Drehen unter Zensur, Geschlechter- und Klassenverh\u00e4ltnisse. Ich h\u00e4tte gerne Milo oder Khalili als Expert:innen f\u00fcr den irakischen Kontext dabeigehabt. Next time. Inshallah.<\/span><\/p>","protected":false},"excerpt":{"rendered":"<p>One day after the world premiere, I travelled to the next film premiere in the sunshine of Thessaloniki, Greece. A grumpy driver was waiting for me at the airport and had fun teasing me about my position as a privileged and state-funded filmmaker. So we talked about the Greek state crisis, inflation and austerity policies. [&hellip;]<\/p>\n","protected":false},"author":3,"featured_media":726,"comment_status":"closed","ping_status":"closed","sticky":false,"template":"","format":"standard","meta":{"_acf_changed":false,"footnotes":""},"categories":[1],"tags":[],"class_list":["post-724","post","type-post","status-publish","format-standard","has-post-thumbnail","hentry","category-uncategorized"],"acf":[],"_links":{"self":[{"href":"https:\/\/immortals-documentary.com\/de\/wp-json\/wp\/v2\/posts\/724","targetHints":{"allow":["GET"]}}],"collection":[{"href":"https:\/\/immortals-documentary.com\/de\/wp-json\/wp\/v2\/posts"}],"about":[{"href":"https:\/\/immortals-documentary.com\/de\/wp-json\/wp\/v2\/types\/post"}],"author":[{"embeddable":true,"href":"https:\/\/immortals-documentary.com\/de\/wp-json\/wp\/v2\/users\/3"}],"replies":[{"embeddable":true,"href":"https:\/\/immortals-documentary.com\/de\/wp-json\/wp\/v2\/comments?post=724"}],"version-history":[{"count":1,"href":"https:\/\/immortals-documentary.com\/de\/wp-json\/wp\/v2\/posts\/724\/revisions"}],"predecessor-version":[{"id":727,"href":"https:\/\/immortals-documentary.com\/de\/wp-json\/wp\/v2\/posts\/724\/revisions\/727"}],"wp:featuredmedia":[{"embeddable":true,"href":"https:\/\/immortals-documentary.com\/de\/wp-json\/wp\/v2\/media\/726"}],"wp:attachment":[{"href":"https:\/\/immortals-documentary.com\/de\/wp-json\/wp\/v2\/media?parent=724"}],"wp:term":[{"taxonomy":"category","embeddable":true,"href":"https:\/\/immortals-documentary.com\/de\/wp-json\/wp\/v2\/categories?post=724"},{"taxonomy":"post_tag","embeddable":true,"href":"https:\/\/immortals-documentary.com\/de\/wp-json\/wp\/v2\/tags?post=724"}],"curies":[{"name":"wp","href":"https:\/\/api.w.org\/{rel}","templated":true}]}}